{"id":7215,"date":"2024-04-08T09:02:16","date_gmt":"2024-04-08T07:02:16","guid":{"rendered":"https:\/\/nitsculturals.cat\/nitsculturals\/?p=7215"},"modified":"2024-04-08T09:02:50","modified_gmt":"2024-04-08T07:02:50","slug":"volem-demostrar-que-la-musica-classica-es-apta-per-als-infants","status":"publish","type":"post","link":"https:\/\/nitsculturals.cat\/nitsculturals\/volem-demostrar-que-la-musica-classica-es-apta-per-als-infants\/","title":{"rendered":"Volem demostrar que la m\u00fasica cl\u00e0ssica \u00e9s apta per als infants"},"content":{"rendered":"\n<p><strong>Clara Dalmau<\/strong>\u00a0Actriu i cofundadora de la Companyia del Pr\u00edncep Totilau<\/p>\n\n\n\n<p>Clara Dalmau ha estat una apassionada del teatre des de molt jove, per\u00f2 va ser durant un taller que va fer en l\u2019etapa universit\u00e0ria quan va saber que s\u2019hi dedicaria. All\u00ed va con\u00e8ixer la seva parella i partner, en la creaci\u00f3 de la Companyia del Pr\u00edncep Totilau, on tant fa d\u2019actriu com s\u2019encarrega de la producci\u00f3. Es tracta d\u2019una companyia familiar amb la qual fan des d\u2019espectacles familiars i de dansa, fins a creacions per enc\u00e0rrec. Durant els 15 anys que t\u00e9 la companyia han portat la m\u00e0gia dels seus espectacles per tota Catalunya, Espanya i Andorra, per\u00f2 tamb\u00e9 a festivals de Corea del Sud i Hong-Kong. El 23 d\u2019octubre representaran a Encamp&nbsp;<em>Mozartland<\/em>, un espectacle musical per a infants de 2 a 6 anys.<\/p>\n\n\n\n<p><strong>\u2013Qu\u00e8 podrem veure a&nbsp;<em>Mozartland<\/em>?<\/strong><\/p>\n\n\n\n<p>\u2013Es tracta d\u2019un espectacle musical, un concert escenificat amb m\u00fasica en directe de Mozart per un quartet de flauta i corda. Despr\u00e9s hi ha un seguit d\u2019actors que inventem una hist\u00f2ria a partir de la m\u00fasica del potser compositor m\u00e9s fam\u00f3s de tots.<\/p>\n\n\n\n<p><strong>\u2013Quina \u00e9s aquesta hist\u00f2ria?<\/strong><\/p>\n\n\n\n<p>\u2013Vam voler explicar com podria haver estat la hist\u00f2ria de Mozart i la seva germana Nannelr quan eren petits i anaven a fer concerts per tota Europa i havien d\u2019esperar-se moltes hores entre concert i concert. Imaginem que com els infants d\u2019avui dia jugarien a explicar-se contes, com ara&nbsp;<em>La caputxeta vermella<\/em>&nbsp;o&nbsp;<em>H\u00e0nsel i Gretel<\/em>, i a representarlos. A l\u2019espectacle hi ha dos joves actors que representen aquests papers, que barregem amb la m\u00fasica i m\u00e0scares amb les quals fem teatre gestual.<\/p>\n\n\n\n<p><strong>\u2013Els actors que interpreten Mozart i Nannelr s\u00f3n els seus fills. Segona generaci\u00f3?<\/strong><\/p>\n\n\n\n<p>\u2013No. Passem molt temps fora de casa fent gires, i ens va semblar que seria bonic que poguessin participar en un dels espectacles per viure l\u2019experi\u00e8ncia de l\u2019actuaci\u00f3, i a la vegada gaudir de m\u00e9s temps junts.<\/p>\n\n\n\n<p><strong>\u2013Per qu\u00e8 aquest tipus d\u2019espectacle?<\/strong><\/p>\n\n\n\n<p>\u2013La idea \u00e9s fer que els infants coneguin la m\u00fasica de Mozart, que no els faci por la m\u00fasica cl\u00e0ssica. Volem demostrar que la m\u00fasica de Mozart, com la de molts altres compo- \u00abVolem demostrar que la m\u00fasica cl\u00e0ssica \u00e9s apta per als infants\u00bb Gent corrent sitors de m\u00fasica cl\u00e0ssica, \u00e9s totalment apta per als infants, i ho volem normalitzar. De fet, els agrada molt i surten cantant-la.<\/p>\n\n\n\n<p><strong>\u2013Quins requisits ha de tenir un espectacle per a infants per tenir \u00e8xit?<\/strong><\/p>\n\n\n\n<p>\u2013Creiem que els infants s\u00f3n capa\u00e7os de veure-ho tot, no tenim cap mena de prejudici. S\u00f3n molt intel\u00b7ligents i un p\u00fablic molt sincer. Els adults, si veiem alguna cosa que no ens agrada, aguantem fins al final. Els nens no. Si no els agrada, fan soroll, es belluguen i volen marxar. En aquest sentit, \u00e9s un p\u00fablic molt interessant, perqu\u00e8 no menteixen. El que s\u00ed que tenim en compte s\u00f3n les edats. Mozartland per exemple \u00e9s per a infants a partir de 2 o 3 anys, i no dura m\u00e9s de 40 minuts. Si \u00e9s m\u00e9s llarg, deixen de prestar atenci\u00f3. I tamb\u00e9 cuidem molt la part est\u00e8tica. \u00c9s un espectacle on tant les m\u00e0scares com el vestuari, l\u2019escenografia i la il\u00b7luminaci\u00f3 hem procurat que fos molt atractives per ells.<\/p>\n\n\n\n<p>Font: <a href=\"https:\/\/www.elperiodic.ad\/entrevista\/95287\/volem-demostrar-que-la-musica-classica-es-apta-per-als-infants\">https:\/\/www.elperiodic.ad\/entrevista\/95287\/volem-demostrar-que-la-musica-classica-es-apta-per-als-infants<\/a><\/p>\n","protected":false},"excerpt":{"rendered":"<p>Clara Dalmau\u00a0Actriu i cofundadora de la Companyia del Pr\u00edncep Totilau Clara Dalmau ha estat una apassionada del teatre des de molt jove, per\u00f2 va ser durant un taller que va fer en l\u2019etapa universit\u00e0ria quan va saber que s\u2019hi dedicaria. All\u00ed va con\u00e8ixer la seva parella i partner, en la creaci\u00f3 de la Companyia del&#8230;<\/p>\n","protected":false},"author":2,"featured_media":7216,"comment_status":"closed","ping_status":"open","sticky":false,"template":"","format":"standard","meta":{"footnotes":""},"categories":[1],"tags":[],"class_list":["post-7215","post","type-post","status-publish","format-standard","has-post-thumbnail","hentry","category-general"],"_links":{"self":[{"href":"https:\/\/nitsculturals.cat\/nitsculturals\/wp-json\/wp\/v2\/posts\/7215","targetHints":{"allow":["GET"]}}],"collection":[{"href":"https:\/\/nitsculturals.cat\/nitsculturals\/wp-json\/wp\/v2\/posts"}],"about":[{"href":"https:\/\/nitsculturals.cat\/nitsculturals\/wp-json\/wp\/v2\/types\/post"}],"author":[{"embeddable":true,"href":"https:\/\/nitsculturals.cat\/nitsculturals\/wp-json\/wp\/v2\/users\/2"}],"replies":[{"embeddable":true,"href":"https:\/\/nitsculturals.cat\/nitsculturals\/wp-json\/wp\/v2\/comments?post=7215"}],"version-history":[{"count":1,"href":"https:\/\/nitsculturals.cat\/nitsculturals\/wp-json\/wp\/v2\/posts\/7215\/revisions"}],"predecessor-version":[{"id":7217,"href":"https:\/\/nitsculturals.cat\/nitsculturals\/wp-json\/wp\/v2\/posts\/7215\/revisions\/7217"}],"wp:featuredmedia":[{"embeddable":true,"href":"https:\/\/nitsculturals.cat\/nitsculturals\/wp-json\/wp\/v2\/media\/7216"}],"wp:attachment":[{"href":"https:\/\/nitsculturals.cat\/nitsculturals\/wp-json\/wp\/v2\/media?parent=7215"}],"wp:term":[{"taxonomy":"category","embeddable":true,"href":"https:\/\/nitsculturals.cat\/nitsculturals\/wp-json\/wp\/v2\/categories?post=7215"},{"taxonomy":"post_tag","embeddable":true,"href":"https:\/\/nitsculturals.cat\/nitsculturals\/wp-json\/wp\/v2\/tags?post=7215"}],"curies":[{"name":"wp","href":"https:\/\/api.w.org\/{rel}","templated":true}]}}