{"id":7195,"date":"2024-02-28T15:25:23","date_gmt":"2024-02-28T14:25:23","guid":{"rendered":"https:\/\/nitsculturals.cat\/nitsculturals\/?p=7195"},"modified":"2024-02-28T15:35:00","modified_gmt":"2024-02-28T14:35:00","slug":"lescola-catalan-del-contrabaix","status":"publish","type":"post","link":"https:\/\/nitsculturals.cat\/nitsculturals\/lescola-catalan-del-contrabaix\/","title":{"rendered":"L&#8217;escola catalana del contrabaix"},"content":{"rendered":"\n<p>11\u00e8 CICLE DE CONCERTS \u00abELS TEUS CL\u00c0SSICS\u00bb\u00bbL&#8217;escola catalana del contrabaix\u00bbPere Valls: \u00bbSegona fantasia\u00bb. Tema amb variacions per a contrabaix i piano. Antoni Torell\u00f3: Fantasia amb variacions \u00abLeonora\u00bb, per a contrabaix i piano. Josep Cervera Bret: \u00bbRecord de Londres\u00bb, per a contrabaix i piano. \u00bbElegia\u00bb, per a contrabaix i piano. \u00bbBerceuse\u00bb, per a contrabaix i piano. \u00bbNocturn\u00bb, per a contrabaix i piano. \u00bbIntroducci\u00f3 i Tarantel\u00b7la\u00bb, per a contrabaix i piano. Pere Valls: \u00bbSuite Andalusa\u00bb, per a contrabaix i piano. Josep Cervera Bret: \u00bbNocturn\u00bb, per a contrabaix i piano.Llu\u00eds Rodr\u00edguez Salv\u00e0, piano. Leon Bosch, contrabaix.Enregistrat per Catalunya M\u00fasica el divendres 9 de juny del 2023.L&#8217;Ateneu Barcelon\u00e8s. Barcelona.<\/p>\n\n\n\n<iframe loading=\"lazy\" title=\"audio 1197616\" src=\"https:\/\/www.ccma.cat\/3cat\/audio\/1197616\/embed\/\" allowfullscreen scrolling=\"no\" frameborder=\"0\" width=\"500px\" height=\"281px\"><\/iframe>\n\n\n\n<p>Anna Costa dedica la secci\u00f3 a un contrabaixista catal\u00e0, Antoni Torell\u00f3 i Ros, que va n\u00e9ixer a Sant Sadurn\u00ed d&#8217;Anoia el 30 de juny del 1884 i que de ben jove va anar a fer les Am\u00e8riques i, de fet, ja no va tornar.<\/p>\n\n\n\n<iframe loading=\"lazy\" title=\"audio 1199599\" src=\"https:\/\/www.ccma.cat\/3cat\/audio\/1199599\/embed\/\" allowfullscreen scrolling=\"no\" frameborder=\"0\" width=\"500px\" height=\"281px\"><\/iframe>\n","protected":false},"excerpt":{"rendered":"<p>11\u00e8 CICLE DE CONCERTS \u00abELS TEUS CL\u00c0SSICS\u00bb\u00bbL&#8217;escola catalana del contrabaix\u00bbPere Valls: \u00bbSegona fantasia\u00bb. Tema amb variacions per a contrabaix i piano. Antoni Torell\u00f3: Fantasia amb variacions \u00abLeonora\u00bb, per a contrabaix i piano. Josep Cervera Bret: \u00bbRecord de Londres\u00bb, per a contrabaix i piano. \u00bbElegia\u00bb, per a contrabaix i piano. \u00bbBerceuse\u00bb, per a contrabaix i piano&#8230;.<\/p>\n","protected":false},"author":2,"featured_media":7185,"comment_status":"closed","ping_status":"open","sticky":false,"template":"","format":"standard","meta":{"footnotes":""},"categories":[1],"tags":[],"class_list":["post-7195","post","type-post","status-publish","format-standard","has-post-thumbnail","hentry","category-general"],"_links":{"self":[{"href":"https:\/\/nitsculturals.cat\/nitsculturals\/wp-json\/wp\/v2\/posts\/7195","targetHints":{"allow":["GET"]}}],"collection":[{"href":"https:\/\/nitsculturals.cat\/nitsculturals\/wp-json\/wp\/v2\/posts"}],"about":[{"href":"https:\/\/nitsculturals.cat\/nitsculturals\/wp-json\/wp\/v2\/types\/post"}],"author":[{"embeddable":true,"href":"https:\/\/nitsculturals.cat\/nitsculturals\/wp-json\/wp\/v2\/users\/2"}],"replies":[{"embeddable":true,"href":"https:\/\/nitsculturals.cat\/nitsculturals\/wp-json\/wp\/v2\/comments?post=7195"}],"version-history":[{"count":4,"href":"https:\/\/nitsculturals.cat\/nitsculturals\/wp-json\/wp\/v2\/posts\/7195\/revisions"}],"predecessor-version":[{"id":7200,"href":"https:\/\/nitsculturals.cat\/nitsculturals\/wp-json\/wp\/v2\/posts\/7195\/revisions\/7200"}],"wp:featuredmedia":[{"embeddable":true,"href":"https:\/\/nitsculturals.cat\/nitsculturals\/wp-json\/wp\/v2\/media\/7185"}],"wp:attachment":[{"href":"https:\/\/nitsculturals.cat\/nitsculturals\/wp-json\/wp\/v2\/media?parent=7195"}],"wp:term":[{"taxonomy":"category","embeddable":true,"href":"https:\/\/nitsculturals.cat\/nitsculturals\/wp-json\/wp\/v2\/categories?post=7195"},{"taxonomy":"post_tag","embeddable":true,"href":"https:\/\/nitsculturals.cat\/nitsculturals\/wp-json\/wp\/v2\/tags?post=7195"}],"curies":[{"name":"wp","href":"https:\/\/api.w.org\/{rel}","templated":true}]}}