{"id":6895,"date":"2021-07-12T12:32:03","date_gmt":"2021-07-12T10:32:03","guid":{"rendered":"http:\/\/nitsculturals.cat\/nitsculturals\/?p=6895"},"modified":"2021-07-12T12:32:06","modified_gmt":"2021-07-12T10:32:06","slug":"handel-a-lopera-a-ledicio-2019-2-2-2-2","status":"publish","type":"post","link":"https:\/\/nitsculturals.cat\/nitsculturals\/handel-a-lopera-a-ledicio-2019-2-2-2-2\/","title":{"rendered":"Cancel\u00b7lada l&#8217;edici\u00f3 2021"},"content":{"rendered":"\n<h5 class=\"wp-block-heading\" style=\"text-align:center\"><\/h5>\n\n\n\n<p>Desitgem que estigueu b\u00e9 de salut en aquests moments dif\u00edcils per a totes les fam\u00edlies. El nostre m\u00e9s sincer suport i solidaritat amb tots el qui, malauradament, h\u00e0giu patit o estigueu patint els efectes del Covid-19.<\/p>\n\n\n\n<p>Aquest any, des de Nits Culturals hem estat preparant la vint-i-cinquena edici\u00f3 amb molta il\u00b7lusi\u00f3.<\/p>\n\n\n\n<p>Ha suposat un gran esfor\u00e7, vol\u00edem que fos molt especial, per\u00f2 la dif\u00edcil situaci\u00f3 sociosanit\u00e0ria que estem vivint ens fa tocar de peus a terra i som conscients que s\u2019ha de salvaguardar la salut de tota la gent que ens ajuda en l\u2019organitzaci\u00f3 dels concerts, dels m\u00fasics, del p\u00fablic i en general de tots els qui ens acompanyeu sempre.<\/p>\n\n\n\n<p>Tamb\u00e9 hem pensat en vosaltres, els qui ens ajudeu amb les vostres col\u00b7laboracions: el moment \u00e9s complicat, econ\u00f2micament parlant, i entenem que ara toca fer tots els esfor\u00e7os per tirar l\u2019activitat empresarial endavant.<\/p>\n\n\n\n<p>Per tot aix\u00f2, la junta de NITS CULTURALS hem decidit ajornar els concerts d\u2019aquest any.<\/p>\n\n\n\n<p>La celebraci\u00f3 de la vint-i-cinquena edici\u00f3 la farem l\u2019any vinent, si l\u2019evoluci\u00f3 de la pand\u00e8mia ho permet; confiem que, en aquell temps, tot haur\u00e0 tornat una mica al seu lloc. Necessitem creure que ser\u00e0 aix\u00ed, per nosaltres, per les nostres fam\u00edlies, per la gent que sempre heu estat al nostre costat. \u00c9s molt important, per al nostre pa\u00eds, que lluitem junts per mantenir viu tot el que t\u00e9 a veure amb la Cultura!<\/p>\n\n\n\n<p>Ens trobarem al juliol del 2022, amb forces renovades i noves il\u00b7lusions!<\/p>\n\n\n\n<p>Mentrestant, \u00e0nims i cuideu-vos molt.<\/p>\n\n\n\n<p>Sant Pere Sallavinera, maig del 2021<\/p>\n","protected":false},"excerpt":{"rendered":"<p>Desitgem que estigueu b\u00e9 de salut en aquests moments dif\u00edcils per a totes les fam\u00edlies. El nostre m\u00e9s sincer suport i solidaritat amb tots el qui, malauradament, h\u00e0giu patit o estigueu patint els efectes del Covid-19. Aquest any, des de Nits Culturals hem estat preparant la vint-i-cinquena edici\u00f3 amb molta il\u00b7lusi\u00f3. Ha suposat un gran&#8230;<\/p>\n","protected":false},"author":2,"featured_media":6890,"comment_status":"closed","ping_status":"open","sticky":false,"template":"","format":"standard","meta":{"footnotes":""},"categories":[51],"tags":[],"class_list":["post-6895","post","type-post","status-publish","format-standard","has-post-thumbnail","hentry","category-51"],"_links":{"self":[{"href":"https:\/\/nitsculturals.cat\/nitsculturals\/wp-json\/wp\/v2\/posts\/6895","targetHints":{"allow":["GET"]}}],"collection":[{"href":"https:\/\/nitsculturals.cat\/nitsculturals\/wp-json\/wp\/v2\/posts"}],"about":[{"href":"https:\/\/nitsculturals.cat\/nitsculturals\/wp-json\/wp\/v2\/types\/post"}],"author":[{"embeddable":true,"href":"https:\/\/nitsculturals.cat\/nitsculturals\/wp-json\/wp\/v2\/users\/2"}],"replies":[{"embeddable":true,"href":"https:\/\/nitsculturals.cat\/nitsculturals\/wp-json\/wp\/v2\/comments?post=6895"}],"version-history":[{"count":1,"href":"https:\/\/nitsculturals.cat\/nitsculturals\/wp-json\/wp\/v2\/posts\/6895\/revisions"}],"predecessor-version":[{"id":6896,"href":"https:\/\/nitsculturals.cat\/nitsculturals\/wp-json\/wp\/v2\/posts\/6895\/revisions\/6896"}],"wp:featuredmedia":[{"embeddable":true,"href":"https:\/\/nitsculturals.cat\/nitsculturals\/wp-json\/wp\/v2\/media\/6890"}],"wp:attachment":[{"href":"https:\/\/nitsculturals.cat\/nitsculturals\/wp-json\/wp\/v2\/media?parent=6895"}],"wp:term":[{"taxonomy":"category","embeddable":true,"href":"https:\/\/nitsculturals.cat\/nitsculturals\/wp-json\/wp\/v2\/categories?post=6895"},{"taxonomy":"post_tag","embeddable":true,"href":"https:\/\/nitsculturals.cat\/nitsculturals\/wp-json\/wp\/v2\/tags?post=6895"}],"curies":[{"name":"wp","href":"https:\/\/api.w.org\/{rel}","templated":true}]}}